{"id":978,"date":"2023-10-30T12:16:05","date_gmt":"2023-10-30T12:16:05","guid":{"rendered":"https:\/\/www.ccfbg.net\/?p=978"},"modified":"2023-11-01T16:22:26","modified_gmt":"2023-11-01T16:22:26","slug":"sessao-de-curtas-sexta-feira-3-de-novembro-dia-mundial-do-cinema","status":"publish","type":"post","link":"https:\/\/www.ccfbg.net\/index.php\/2023\/10\/30\/sessao-de-curtas-sexta-feira-3-de-novembro-dia-mundial-do-cinema\/","title":{"rendered":"Sess\u00e3o de curtas &#8211; Sexta-feira, 3 de Novembro, Dia Mundial do Cinema"},"content":{"rendered":"\n<p>Em alus\u00e3o ao Dia Mundial do Cinema, o CCFBG organiza uma sess\u00e3o de curtas metragens na sexta-feira, 3 de Novembro, \u00e0s 19h. Nesta ocasi\u00e3o, ser\u00e3o apresentados &#8220;No Pudi Fassi&#8221; de Pap\u00e9 di Nha Ra\u00e7a, &#8221; Kankuran&#8221; de Marinho Pina e &#8220;Amazad&#8221; realiza\u00e7\u00e3o coletiva com participa\u00e7\u00e3o de Atcho Express!<\/p>\n\n\n\n<p>Entrada gratuita.<\/p>\n\n\n\n<p>&#8212;<\/p>\n\n\n\n<p><strong>Amazad<\/strong> (2023)<\/p>\n\n\n\n<figure class=\"wp-block-image size-large\"><img loading=\"lazy\" decoding=\"async\" width=\"747\" height=\"1024\" src=\"https:\/\/www.ccfbg.net\/wp-content\/uploads\/2023\/10\/POSTER_CINE_LUSO2023_FINAL-747x1024.jpg\" alt=\"\" class=\"wp-image-979\" srcset=\"https:\/\/www.ccfbg.net\/wp-content\/uploads\/2023\/10\/POSTER_CINE_LUSO2023_FINAL-747x1024.jpg 747w, https:\/\/www.ccfbg.net\/wp-content\/uploads\/2023\/10\/POSTER_CINE_LUSO2023_FINAL-219x300.jpg 219w, https:\/\/www.ccfbg.net\/wp-content\/uploads\/2023\/10\/POSTER_CINE_LUSO2023_FINAL-768x1052.jpg 768w, https:\/\/www.ccfbg.net\/wp-content\/uploads\/2023\/10\/POSTER_CINE_LUSO2023_FINAL-1121x1536.jpg 1121w, https:\/\/www.ccfbg.net\/wp-content\/uploads\/2023\/10\/POSTER_CINE_LUSO2023_FINAL-1495x2048.jpg 1495w, https:\/\/www.ccfbg.net\/wp-content\/uploads\/2023\/10\/POSTER_CINE_LUSO2023_FINAL-1320x1809.jpg 1320w, https:\/\/www.ccfbg.net\/wp-content\/uploads\/2023\/10\/POSTER_CINE_LUSO2023_FINAL-scaled.jpg 1868w\" sizes=\"auto, (max-width: 747px) 100vw, 747px\" \/><\/figure>\n\n\n\n<p><strong>Trailer:<\/strong>&nbsp;<a href=\"https:\/\/youtu.be\/XdJpo7DNoSg?si=k7JAZHRJQEZsOEep\">https:\/\/youtu.be\/XdJpo7DNoSg?si=k7JAZHRJQEZsOEep<\/a><\/p>\n\n\n\n<p><strong>Sinopse:<\/strong><br>AMAZAD, que significa &#8220;mundo&#8221; na l\u00edngua ind\u00edgena Wapichana no Brasil, \u00e9 o nome do personagem principal do filme. Com um olhar po\u00e9tico e filos\u00f3fico sobre quest\u00f5es que envolvem a invisibilidade social, o curta-metragem questiona a realidade da classe trabalhadora, o racismo, a coloniza\u00e7\u00e3o e a rela\u00e7\u00e3o com a ancestralidade. Ao longo dos minutos, o personagem nos leva a dar um passeio pela cidade e oferece tanto uma vis\u00e3o das diferentes culturas quanto uma reflex\u00e3o sobre a afirma\u00e7\u00e3o de sua identidade.<\/p>\n\n\n\n<p>A atmosfera do curta-metragem oscila, portanto, entre a fic\u00e7\u00e3o e o document\u00e1rio, com imagens totalmente capturadas em Molenbeek, um bairro multicultural em Bruxelas. O filme j\u00e1 foi projetado por diversas vezes em Bruxelas e no Brasil, ser\u00e1 projetado pela primeira vez na Guin\u00e9 Bissau.<\/p>\n\n\n\n<p><strong>Dura\u00e7\u00e3o: <\/strong>11Min<\/p>\n\n\n\n<p><strong>Ano de produ\u00e7\u00e3o: <\/strong>2023<\/p>\n\n\n\n<p><strong>REALIZA\u00c7\u00c3O COLETIVA Cine Luso, Resist\u00eancia Art\u00edstica com<\/strong> : Alex Capile, Atcho Express, Daiane da Mata, Lara Placido, Mariana Queiroz, Mariana Machado, Jana Wapichana, Renzo Dalvi, Sarah Ianaco, S\u00e9rgio Miletto, Vanessa Wagneur, Vin\u00edcius Tavares&nbsp;<\/p>\n\n\n\n<p><strong>Som; Membrana<\/strong> ( Dudu Prudente, J\u00falio Rego, Pedrinho Mendon\u00e7a)&nbsp;<\/p>\n\n\n\n<p><strong>Coordena\u00e7\u00e3o<\/strong>: Aline Yasmin<\/p>\n\n\n\n<p><strong>Elenco: <\/strong>ATCHO EXPRESS,&nbsp; JAMA WAPICHANA MARIANA QUEIROZ&nbsp;<\/p>\n\n\n\n<p><strong>Biografia de Atcho Express<\/strong><br>Atcho Express, Mestre em Teatro com a especializa\u00e7\u00e3o em Teatro e Comunidade na Escola Superior de Teatro e Cinema. Artista multifacetado \u00e9 Ator de teatro e cinema, contador de est\u00f3rias, jornalista, realizador (de document\u00e1rios) e ativista cultural<\/p>\n\n\n\n<p>&#8212;<\/p>\n\n\n\n<p><strong>No Pudi Fassi (2008)<\/strong><\/p>\n\n\n\n<figure class=\"wp-block-image size-full\"><img loading=\"lazy\" decoding=\"async\" width=\"567\" height=\"623\" src=\"https:\/\/www.ccfbg.net\/wp-content\/uploads\/2023\/10\/Image12.jpg\" alt=\"\" class=\"wp-image-980\" srcset=\"https:\/\/www.ccfbg.net\/wp-content\/uploads\/2023\/10\/Image12.jpg 567w, https:\/\/www.ccfbg.net\/wp-content\/uploads\/2023\/10\/Image12-273x300.jpg 273w\" sizes=\"auto, (max-width: 567px) 100vw, 567px\" \/><\/figure>\n\n\n\n<p><strong>Sinopse:<\/strong><\/p>\n\n\n\n<p>N\u00d4 PUDI FASSI \u00e9 uma hist\u00f3ria que decorre \u00e0 volta de dois jovens&nbsp; <strong>Simin-Djia <\/strong>e <strong>Senabu, <\/strong>ambos das<strong>&nbsp; <\/strong>Tabancas desavindas. Os dois bateram em companhia dos seus respetivos e apaziguaram as ten\u00e7\u00f5es existentes entre as duas Tabancas, eles s\u00e3o moderados, pacifistas e empreenderes.<\/p>\n\n\n\n<p>\u00c9 um filme que fala de cultura de paz e de amor.<\/p>\n\n\n\n<p><strong><u>Equipa Tecnica<\/u><\/strong><\/p>\n\n\n\n<p>Realiza\u00e7\u00e3o&#8230;&#8230;&#8230;&#8230;&#8230;&#8230;&#8230;&#8230;&#8230;&#8230;&#8230;&#8230; Pap\u00e9 di Nha Ra\u00e7a<\/p>\n\n\n\n<p>Diretor de Fotografia&#8230;&#8230;&#8230;&#8230;&#8230;&#8230;&#8230;&#8230;&#8230; Domingos Sanca &nbsp;<\/p>\n\n\n\n<p>Montagem&#8230;&#8230;&#8230;.. &#8230;&#8230;&#8230;&#8230;&#8230;Adriano Gomes e Fallou Alves<\/p>\n\n\n\n<p>Cen\u00e1rio&#8230;&#8230;&#8230;&#8230;&#8230;&#8230;&#8230;&#8230;&#8230;&#8230;&#8230;&#8230; Rui Manuel da Costa<\/p>\n\n\n\n<p>Produ\u00e7\u00e3o&#8230;&#8230;&#8230;&#8230;&#8230;&#8230;&#8230;&#8230;&#8230;&#8230;PNUD \u2013 projeto Iniciativa Juvenil \u201cJovens Construindo cultura da paz na Guin\u00e9-Bissau<\/p>\n\n\n\n<p>Ano de produ\u00e7\u00e3o: 2008<\/p>\n\n\n\n<p><strong><u>Equipa Art\u00edstica<\/u><\/strong><\/p>\n\n\n\n<p>Simin-Djia\u2026\u2026\u2026\u2026\u2026\u2026\u2026\u2026\u2026\u2026\u2026\u2026\u2026\u2026\u2026\u2026&#8230;&#8230;&#8230;&#8230;&#8230;&#8230;&#8230;&#8230;Cl\u00e1udio Nota<\/p>\n\n\n\n<p>Senab\u00fa\u2026\u2026\u2026\u2026\u2026\u2026\u2026\u2026\u2026\u2026\u2026\u2026\u2026\u2026\u2026&#8230;&#8230;&#8230;&#8230;&#8230;&#8230;..Ricarda Manuel Biagu\u00ea<\/p>\n\n\n\n<p>Pai de Senab\u00fa\u2026\u2026\u2026\u2026\u2026\u2026\u2026\u2026\u2026\u2026\u2026\u2026\u2026\u2026\u2026&#8230;&#8230;&#8230;&#8230;&#8230;&#8230;.Eus\u00e9bio Incanha<\/p>\n\n\n\n<p>M\u00e3e de Senab\u00fa\u2026\u2026\u2026\u2026\u2026\u2026\u2026\u2026\u2026\u2026\u2026\u2026\u2026\u2026&#8230;&#8230;&#8230;&#8230;&#8230;&#8230;..Dulcineia Gomes<\/p>\n\n\n\n<p>Pai de Simin-Djia\u2026\u2026\u2026\u2026\u2026\u2026\u2026\u2026\u2026\u2026\u2026\u2026\u2026\u2026&#8230;&#8230;&#8230;&#8230;&#8230;&#8230;&#8230;David Peda<\/p>\n\n\n\n<p>M\u00e3e de Simin-Djia\u2026\u2026\u2026\u2026\u2026\u2026\u2026\u2026\u2026\u2026&#8230;&#8230;&#8230;&#8230;&#8230;.Marta Mendon\u00e7a Dab\u00f3<\/p>\n\n\n\n<p>Lay\u2026\u2026\u2026\u2026\u2026\u2026\u2026\u2026\u2026\u2026\u2026\u2026\u2026\u2026\u2026\u2026&#8230;&#8230;&#8230;&#8230;&#8230;&#8230;&#8230;&#8230;&#8230;..Isack Na Ghana<\/p>\n\n\n\n<p>Brinsam\u2026\u2026\u2026\u2026\u2026\u2026\u2026\u2026\u2026\u2026\u2026\u2026\u2026\u2026&#8230;&#8230;&#8230;&#8230;&#8230;&#8230;.Binan-ghahaba Na Ghana<\/p>\n\n\n\n<p>Regulo de Etolal\u2026\u2026\u2026\u2026\u2026\u2026\u2026\u2026\u2026\u2026\u2026\u2026\u2026\u2026\u2026&#8230;&#8230;&#8230;.Lu\u00eds Edicardo da Silva<\/p>\n\n\n\n<p>Regulo de Kassolal\u2026\u2026&#8230;&#8230;&#8230;&#8230;&#8230;&#8230;&#8230;&#8230;&#8230;Eus\u00e9bio Incanha<\/p>\n\n\n\n<p>&#8211;<\/p>\n\n\n\n<p>KANKURAN (2016)<br>argumento, edi\u00e7\u00e3o, realiza\u00e7\u00e3o<br>Marinho Pina<\/p>\n\n\n\n<figure class=\"wp-block-image size-large\"><img loading=\"lazy\" decoding=\"async\" width=\"1024\" height=\"576\" src=\"https:\/\/www.ccfbg.net\/wp-content\/uploads\/2023\/11\/12d299c0-2d53-429a-bd89-064f2dbf7f87-1024x576.jpeg\" alt=\"\" class=\"wp-image-989\" srcset=\"https:\/\/www.ccfbg.net\/wp-content\/uploads\/2023\/11\/12d299c0-2d53-429a-bd89-064f2dbf7f87-1024x576.jpeg 1024w, https:\/\/www.ccfbg.net\/wp-content\/uploads\/2023\/11\/12d299c0-2d53-429a-bd89-064f2dbf7f87-300x169.jpeg 300w, https:\/\/www.ccfbg.net\/wp-content\/uploads\/2023\/11\/12d299c0-2d53-429a-bd89-064f2dbf7f87-768x432.jpeg 768w, https:\/\/www.ccfbg.net\/wp-content\/uploads\/2023\/11\/12d299c0-2d53-429a-bd89-064f2dbf7f87.jpeg 1280w\" sizes=\"auto, (max-width: 1024px) 100vw, 1024px\" \/><\/figure>\n\n\n\n<p>A regi\u00e3o de Sonaco, na Guin\u00e9-Bissau, encontra-se afetada por altera\u00e7\u00e3o clim\u00e1tica, o que levou ao desaparecimento de determinadas esp\u00e9cies de animais e de plantas. Fara (Piliostigma thonningii) \u00e9 uma esp\u00e9cie de planta que se encontra entre as esp\u00e9cies em risco. Com a fara, faz-se a roupa de kankuran, uma figura sagrada da tradi\u00e7\u00e3o mandinga. O uso do tecido madrilene para fazer a roupa de kankuran, por causa da falta de fara, mostra claramente como as altera\u00e7\u00f5es clim\u00e1ticas tamb\u00e9m afetam as pr\u00e1ticas culturais. Quer-se chamar aten\u00e7\u00e3o tamb\u00e9m sobre a abusiva desfloresta\u00e7\u00e3o que est\u00e1 a acontecer na Guin\u00e9-Bissau, resultado da exporta\u00e7\u00e3o de madeira, de planta\u00e7\u00e3o de cajus e de expans\u00f5es urbanas mal planeadas.<\/p>\n\n\n\n<p><\/p>\n","protected":false},"excerpt":{"rendered":"<p>Em alus\u00e3o ao Dia Mundial do Cinema, o CCFBG organiza uma sess\u00e3o de curtas metragens na sexta-feira, 3 de Novembro, \u00e0s 19h. Nesta ocasi\u00e3o, ser\u00e3o apresentados &#8220;No Pudi Fassi&#8221; de&hellip;<\/p>\n","protected":false},"author":1,"featured_media":979,"comment_status":"open","ping_status":"open","sticky":false,"template":"","format":"standard","meta":{"footnotes":""},"categories":[13],"tags":[],"class_list":["post-978","post","type-post","status-publish","format-standard","has-post-thumbnail","hentry","category-cinema"],"_links":{"self":[{"href":"https:\/\/www.ccfbg.net\/index.php\/wp-json\/wp\/v2\/posts\/978","targetHints":{"allow":["GET"]}}],"collection":[{"href":"https:\/\/www.ccfbg.net\/index.php\/wp-json\/wp\/v2\/posts"}],"about":[{"href":"https:\/\/www.ccfbg.net\/index.php\/wp-json\/wp\/v2\/types\/post"}],"author":[{"embeddable":true,"href":"https:\/\/www.ccfbg.net\/index.php\/wp-json\/wp\/v2\/users\/1"}],"replies":[{"embeddable":true,"href":"https:\/\/www.ccfbg.net\/index.php\/wp-json\/wp\/v2\/comments?post=978"}],"version-history":[{"count":4,"href":"https:\/\/www.ccfbg.net\/index.php\/wp-json\/wp\/v2\/posts\/978\/revisions"}],"predecessor-version":[{"id":991,"href":"https:\/\/www.ccfbg.net\/index.php\/wp-json\/wp\/v2\/posts\/978\/revisions\/991"}],"wp:featuredmedia":[{"embeddable":true,"href":"https:\/\/www.ccfbg.net\/index.php\/wp-json\/wp\/v2\/media\/979"}],"wp:attachment":[{"href":"https:\/\/www.ccfbg.net\/index.php\/wp-json\/wp\/v2\/media?parent=978"}],"wp:term":[{"taxonomy":"category","embeddable":true,"href":"https:\/\/www.ccfbg.net\/index.php\/wp-json\/wp\/v2\/categories?post=978"},{"taxonomy":"post_tag","embeddable":true,"href":"https:\/\/www.ccfbg.net\/index.php\/wp-json\/wp\/v2\/tags?post=978"}],"curies":[{"name":"wp","href":"https:\/\/api.w.org\/{rel}","templated":true}]}}