{"id":951,"date":"2023-10-18T11:03:52","date_gmt":"2023-10-18T11:03:52","guid":{"rendered":"https:\/\/www.ccfbg.net\/?p=951"},"modified":"2023-10-18T11:07:06","modified_gmt":"2023-10-18T11:07:06","slug":"concerto-de-ramiro-naka-e-nkassa-kobra-junior-no-sabado-4-de-novembro-as-20h30","status":"publish","type":"post","link":"https:\/\/www.ccfbg.net\/index.php\/2023\/10\/18\/concerto-de-ramiro-naka-e-nkassa-kobra-junior-no-sabado-4-de-novembro-as-20h30\/","title":{"rendered":"Concerto de Ramiro Naka e N\u2019Kassa Kobra Junior no s\u00e1bado, 4 de Novembro \u00e0s 20h30"},"content":{"rendered":"\n<p>Centro Cultural Franco-Bissau-Guineense recebe concerto de Ramiro Naka e N\u2019Kassa Kobra Junior no s\u00e1bado, 4 de Novembro \u00e0s 20h30. Nesta ocasi\u00e3o, lembraremos o repertorio cl\u00e1ssico dos anos 1970. Teremos tamb\u00e9m v\u00e1rios convidados da nova gera\u00e7\u00e3o!<\/p>\n\n\n\n<p>Os bilhetes est\u00e3o \u00e0 venda no valor de 2000 FCFA na Biblioteca do Centro Cultural Franco Bissau Guineense e junto a associa\u00e7\u00e3o Nakasadarte.<br>Para mais informa\u00e7\u00f5es ligue para 95&nbsp;616 60 60.<\/p>\n\n\n\n<p>&#8211;<\/p>\n\n\n\n<p>Ramiro Naka\u00a0 Autor, compositor, int\u00e9rprete, ator, contador ou pintor naif,\u00a0 \u00e9 um artista interventivo multifacetado atento \u00e0 causa e \u00e0 cultura bissau-guineenses, o que lhe valeu o t\u00edtulo de Nhu Rey DgumBlusKreol de volta nas terras Lusofona .<\/p>\n\n\n\n<p>&#8211;<\/p>\n\n\n\n<p><strong>Biografia de Ramiro Naka<\/strong><\/p>\n\n\n\n<p>Digno filho da sua terra natal, a Guin\u00e9-Bissau, Ramiro Naka cria a sua m\u00fasica a partir de diversos e dos mais variados g\u00e9neros musicais tais como percuss\u00f5es, fado, samba e salsa, reunidos \u00e0 volta de um mesmo estilo: o Gumb\u00e9, um ritmo inicialmente tocado com grandes tambores, mas que \u00e9 tamb\u00e9m uma dan\u00e7a en\u00e9rgica contagiosa.<\/p>\n\n\n\n<p>Ramiro Naka qualifica os guineenses de \u201cLatinos da \u00c1frica\u201d pelo facto da l\u00edngua portuguesa ser falada na Guin\u00e9-Bissau h\u00e1 mais de cinco s\u00e9culos. A m\u00fasica guineense \u00e9, pois, uma ecl\u00e9tica mistura de tradi\u00e7\u00f5es africanas, da heran\u00e7a colonial portuguesa, da fraternidade brasileira e do parentesco caribenho. Ramiro, n\u00e3o conseguindo fazer uma escolha entre a m\u00fasica afro e a lus\u00f3fona, prop\u00f5e uma m\u00fasica inspirada no Fado, na Rumba e na Salsa, conservando no entanto a for\u00e7a da tradi\u00e7\u00e3o africana.<\/p>\n\n\n\n<p>Tchon Tchoman ( Meu Pais me chamou )<\/p>\n\n\n\n<p>Vivendo atualmente na Guin\u00e9-Bissau, Ramiro NAKA soube partilhar, durante a sua aus\u00eancia do pa\u00eds, a cultura do seu pa\u00eds com o p\u00fablico europeu.<br>O seu apego ao Gumb\u00e9 \u00e9 bem vis\u00edvel atrav\u00e9s dos seus \u00e1lbuns, que constituem uma verdadeira homenagem a esse estilo que se tornou indissoci\u00e1vel da sua carreira. Autor, compositor, int\u00e9rprete, ator, contador ou pintor naif, Ramiro Naka \u00e9 um artista interventivo multifacetado atento \u00e0 causa e \u00e0 cultura bissau-guineenses, o que lhe valeu o t\u00edtulo de Nhu Rey DgumBlusKreol. Com nada menos de uma dezena de \u00e1lbuns editados, apresenta agora o seu \u00faltimo trabalho nova \u00e9dicao Nakasadarte ProDist\/ 2014 \u201cGumb\u00e9 blues Kr\u00e9ol\u201d<\/p>\n\n\n\n<p>Do mesmo autor:<\/p>\n\n\n\n<p>\u00b7&nbsp;&nbsp;&nbsp;&nbsp;&nbsp;&nbsp;&nbsp;&nbsp; Le meilleur de Naka n\u00b02<\/p>\n\n\n\n<p>\u00b7&nbsp;&nbsp;&nbsp;&nbsp;&nbsp;&nbsp;&nbsp;&nbsp; Renascimento (melodia)<\/p>\n\n\n\n<p>\u00b7&nbsp;&nbsp;&nbsp;&nbsp;&nbsp;&nbsp;&nbsp;&nbsp; P\u00f3 di sangui (melodia) ator principal do filme. Competi\u00e7\u00e3o oficial de Cannes 1996. DVD Films sans fronteires.<\/p>\n\n\n\n<p>\u00b7&nbsp;&nbsp;&nbsp;&nbsp;&nbsp;&nbsp;&nbsp;&nbsp; Les tam-tams noirs (Night &amp; Day)<\/p>\n\n\n\n<p>\u00b7&nbsp;&nbsp;&nbsp;&nbsp;&nbsp;&nbsp;&nbsp;&nbsp; Salvador (Mango Island)<\/p>\n\n\n\n<p>\u00b7&nbsp;&nbsp;&nbsp;&nbsp;&nbsp;&nbsp;&nbsp;&nbsp; Africa Pop (Koka Media)<\/p>\n\n\n\n<p>\u00b7&nbsp;&nbsp;&nbsp;&nbsp;&nbsp;&nbsp;&nbsp;&nbsp; \u201cKali e a caba\u00e7a\u201d, livro de contos para crian\u00e7as, escrito e ilustrado por Ramiro Naka. Edi\u00e7\u00f5es NOUIGA, mar\u00e7o de 2008 (em portugu\u00eas e franc\u00eas)<\/p>\n\n\n\n<p>\u00b7&nbsp;&nbsp;&nbsp;&nbsp;&nbsp;&nbsp;&nbsp;&nbsp; Can\u00e7\u00f5es relacionadas com a hist\u00f3ria de\u201d Kali e a caba\u00e7a\u201d<\/p>\n\n\n\n<p>COMO NASCEU O BLUES CRIOULO ?<\/p>\n\n\n\n<p>Ouvi um dia um m\u00fasico branco a tocar alguns acordes de viola e que me disse serem os primeiros mostrados ao mundo por um m\u00fasico negro. Fora o seu av\u00f4 que lhos ensinara. \u201cBrincando\u201d com essas notas, acabei por compor as minhas melodias e com o cora\u00e7\u00e3o triste as letras do blues crioulo, cantando assim a negritude. Ser branco ou permanecer negro, entre os dois o crioulo. Quem \u00e9 que n\u00e3o se quer recordar da escravatura? Quem escreveu a m\u00fasica que diz que duas negras valem uma branca? Quem criou as classes sociais? Porque se exige do negro sempre mais compet\u00eancia? Quem se lembra da escravatura \u00e9 capaz de ver os escravos modernos. Quem v\u00ea a coopera\u00e7\u00e3o v\u00ea a sociedade moderna?<\/p>\n\n\n\n<p>N&#8217;gumb mais Blus mais historia da ra\u00e7a Kreola e igual GumBlusKreol<\/p>\n\n\n\n<p>&nbsp;diz Nhu Rey D&#8217;gumBlusKreol Ramiro NAKA.<\/p>\n\n\n\n<p>Asso\/ NAKASADARTE LUSOFONA<\/p>\n\n\n\n<p>&nbsp;&nbsp;&nbsp;&nbsp;&nbsp;&nbsp;&nbsp;&nbsp;&nbsp;&nbsp;&nbsp;&nbsp;&nbsp;&nbsp;&nbsp;&nbsp;&nbsp;&nbsp;&nbsp; Pr\u00e9sentent<\/p>\n\n\n\n<p>&nbsp;&nbsp;&nbsp;&nbsp;&nbsp; Tour de Rey D&#8217;GumBluskrel<\/p>\n\n\n\n<p>&nbsp; RAMIRO NAKA&nbsp; &amp; Afro Gumbe Show<\/p>\n\n\n\n<p>&lt; Click ici &gt; <a href=\"http:\/\/youtu.be\/vt3RwgM_A5w\">http:\/\/youtu.be\/vt3RwgM_A5w<\/a><\/p>\n\n\n\n<p>ProDis\/Mang\/Tel : +33 (0) 6 13 41 40 31<\/p>\n\n\n\n<p>E-mail : <a href=\"mailto:nakasadarte@gmail.com\">nakasadarte@gmail.com<\/a> Site : <a href=\"http:\/\/association-nakasadarte.org\">http:\/\/association-nakasadarte.org<\/a><\/p>\n","protected":false},"excerpt":{"rendered":"<p>Centro Cultural Franco-Bissau-Guineense recebe concerto de Ramiro Naka e N\u2019Kassa Kobra Junior no s\u00e1bado, 4 de Novembro \u00e0s 20h30. Nesta ocasi\u00e3o, lembraremos o repertorio cl\u00e1ssico dos anos 1970. Teremos tamb\u00e9m&hellip;<\/p>\n","protected":false},"author":1,"featured_media":952,"comment_status":"open","ping_status":"open","sticky":false,"template":"","format":"standard","meta":{"footnotes":""},"categories":[15],"tags":[],"class_list":["post-951","post","type-post","status-publish","format-standard","has-post-thumbnail","hentry","category-concertos"],"_links":{"self":[{"href":"https:\/\/www.ccfbg.net\/index.php\/wp-json\/wp\/v2\/posts\/951","targetHints":{"allow":["GET"]}}],"collection":[{"href":"https:\/\/www.ccfbg.net\/index.php\/wp-json\/wp\/v2\/posts"}],"about":[{"href":"https:\/\/www.ccfbg.net\/index.php\/wp-json\/wp\/v2\/types\/post"}],"author":[{"embeddable":true,"href":"https:\/\/www.ccfbg.net\/index.php\/wp-json\/wp\/v2\/users\/1"}],"replies":[{"embeddable":true,"href":"https:\/\/www.ccfbg.net\/index.php\/wp-json\/wp\/v2\/comments?post=951"}],"version-history":[{"count":3,"href":"https:\/\/www.ccfbg.net\/index.php\/wp-json\/wp\/v2\/posts\/951\/revisions"}],"predecessor-version":[{"id":955,"href":"https:\/\/www.ccfbg.net\/index.php\/wp-json\/wp\/v2\/posts\/951\/revisions\/955"}],"wp:featuredmedia":[{"embeddable":true,"href":"https:\/\/www.ccfbg.net\/index.php\/wp-json\/wp\/v2\/media\/952"}],"wp:attachment":[{"href":"https:\/\/www.ccfbg.net\/index.php\/wp-json\/wp\/v2\/media?parent=951"}],"wp:term":[{"taxonomy":"category","embeddable":true,"href":"https:\/\/www.ccfbg.net\/index.php\/wp-json\/wp\/v2\/categories?post=951"},{"taxonomy":"post_tag","embeddable":true,"href":"https:\/\/www.ccfbg.net\/index.php\/wp-json\/wp\/v2\/tags?post=951"}],"curies":[{"name":"wp","href":"https:\/\/api.w.org\/{rel}","templated":true}]}}