{"id":931,"date":"2023-10-16T17:54:51","date_gmt":"2023-10-16T17:54:51","guid":{"rendered":"https:\/\/www.ccfbg.net\/?p=931"},"modified":"2023-10-16T17:54:51","modified_gmt":"2023-10-16T17:54:51","slug":"conferencia-do-representante-da-oif-para-a-africa-ocidental-thi-hoang-mai-tran-oportunidades-de-financiamento-para-as-organizacoes-da-sociedade-civil","status":"publish","type":"post","link":"https:\/\/www.ccfbg.net\/index.php\/2023\/10\/16\/conferencia-do-representante-da-oif-para-a-africa-ocidental-thi-hoang-mai-tran-oportunidades-de-financiamento-para-as-organizacoes-da-sociedade-civil\/","title":{"rendered":"Confer\u00eancia do representante da OIF para a \u00c1frica Ocidental, Thi Hoang Mai TRAN \/ Oportunidades de financiamento para as organiza\u00e7\u00f5es da sociedade civil"},"content":{"rendered":"\n<p>Na quinta-feira, 19 de outubro, \u00e0s 14 horas, o Centre Culturel Franco Bissau Guin\u00e9en acolhe uma confer\u00eancia da representante da Organiza\u00e7\u00e3o Internacional da Francofonia para a \u00c1frica Ocidental, Thi Hoang Mai TRAN. O objetivo \u00e9 apresentar as oportunidades de financiamento para as organiza\u00e7\u00f5es da sociedade civil, notadamente no \u00e2mbito do programa &#8220;La Francophonie avec elles&#8221;, que visa apoiar ac\u00e7\u00f5es destinadas a facilitar o acesso das mulheres ao desenvolvimento econ\u00f3mico, \u00e0 educa\u00e7\u00e3o, \u00e0 forma\u00e7\u00e3o, \u00e0 sa\u00fade e \u00e0 cidadania.<\/p>\n\n\n\n<p><strong>Apresenta\u00e7\u00e3o em franc\u00eas, com tradu\u00e7\u00e3o consecutiva para portugu\u00eas.<\/strong><\/p>\n\n\n\n<p><strong>&#8212;<\/strong><\/p>\n\n\n\n<p>A representante da Organiza\u00e7\u00e3o Internacional da Francofonia para a \u00c1frica Ocidental, Thi Hoang Mai TRAN, estar\u00e1 em Bissau de 18 a 21 de outubro.<\/p>\n\n\n\n<p>Na quinta-feira, 19 de outubro, \u00e0s 14 horas, far\u00e1 uma confer\u00eancia no Audit\u00f3rio do Centro Cultural Franco-Bissau-Guin\u00e9en (em franc\u00eas com tradu\u00e7\u00e3o consecutiva para portugu\u00eas). Depois de apresentar a programa\u00e7\u00e3o geral da Organiza\u00e7\u00e3o Internacional da Francofonia, falar\u00e1 das oportunidades de financiamento para a sociedade civil. Em particular, apresentar\u00e1 o convite \u00e0 apresenta\u00e7\u00e3o de projectos &#8220;La Francophonie avec Elles&#8221;.&nbsp;<\/p>\n\n\n\n<p>O objetivo geral do fundo &#8220;La Francophonie avec Elles&#8221; \u00e9 apoiar o acesso das mulheres e raparigas em situa\u00e7\u00e3o de vulnerabilidade ao desenvolvimento econ\u00f3mico, \u00e0 educa\u00e7\u00e3o, \u00e0 sa\u00fade, \u00e0 cidadania e \u00e0 forma\u00e7\u00e3o, com vista a aumentar a sua resili\u00eancia.<\/p>\n\n\n\n<p>Refor\u00e7ar o apoio \u00e0s mulheres em situa\u00e7\u00e3o de vulnerabilidade, ajudando-as a desenvolver actividades geradoras de rendimento (AGR) e forma\u00e7\u00e3o profissional;<\/p>\n\n\n\n<p>Aumentar a informa\u00e7\u00e3o das mulheres e proporcionar-lhes uma plataforma para exprimirem os seus pontos de vista sobre as pandemias, a sa\u00fade em geral e a preven\u00e7\u00e3o das doen\u00e7as, e form\u00e1-las para se protegerem, beneficiarem dos cuidados de sa\u00fade e alcan\u00e7arem a plena cidadania;<\/p>\n\n\n\n<p>Promover a educa\u00e7\u00e3o e a forma\u00e7\u00e3o profissional das mulheres, bem como a escolariza\u00e7\u00e3o dos seus filhos.<\/p>\n\n\n\n<p>O objetivo deste dispositivo de solidariedade \u00e9 financiar iniciativas de base de agentes do mundo franc\u00f3fono, destinadas a mulheres vulner\u00e1veis, nomeadamente as que se encontram na intersec\u00e7\u00e3o de v\u00e1rias discrimina\u00e7\u00f5es (mulheres jovens, mulheres idosas, mulheres migrantes e refugiadas, m\u00e3es raparigas e m\u00e3es solteiras, mulheres com VIH\/SIDA, mulheres com defici\u00eancia, etc.).<\/p>\n","protected":false},"excerpt":{"rendered":"<p>Na quinta-feira, 19 de outubro, \u00e0s 14 horas, o Centre Culturel Franco Bissau Guin\u00e9en acolhe uma confer\u00eancia da representante da Organiza\u00e7\u00e3o Internacional da Francofonia para a \u00c1frica Ocidental, Thi Hoang&hellip;<\/p>\n","protected":false},"author":1,"featured_media":932,"comment_status":"open","ping_status":"open","sticky":false,"template":"","format":"standard","meta":{"footnotes":""},"categories":[31,33],"tags":[],"class_list":["post-931","post","type-post","status-publish","format-standard","has-post-thumbnail","hentry","category-conferencia","category-feminismo"],"_links":{"self":[{"href":"https:\/\/www.ccfbg.net\/index.php\/wp-json\/wp\/v2\/posts\/931","targetHints":{"allow":["GET"]}}],"collection":[{"href":"https:\/\/www.ccfbg.net\/index.php\/wp-json\/wp\/v2\/posts"}],"about":[{"href":"https:\/\/www.ccfbg.net\/index.php\/wp-json\/wp\/v2\/types\/post"}],"author":[{"embeddable":true,"href":"https:\/\/www.ccfbg.net\/index.php\/wp-json\/wp\/v2\/users\/1"}],"replies":[{"embeddable":true,"href":"https:\/\/www.ccfbg.net\/index.php\/wp-json\/wp\/v2\/comments?post=931"}],"version-history":[{"count":1,"href":"https:\/\/www.ccfbg.net\/index.php\/wp-json\/wp\/v2\/posts\/931\/revisions"}],"predecessor-version":[{"id":933,"href":"https:\/\/www.ccfbg.net\/index.php\/wp-json\/wp\/v2\/posts\/931\/revisions\/933"}],"wp:featuredmedia":[{"embeddable":true,"href":"https:\/\/www.ccfbg.net\/index.php\/wp-json\/wp\/v2\/media\/932"}],"wp:attachment":[{"href":"https:\/\/www.ccfbg.net\/index.php\/wp-json\/wp\/v2\/media?parent=931"}],"wp:term":[{"taxonomy":"category","embeddable":true,"href":"https:\/\/www.ccfbg.net\/index.php\/wp-json\/wp\/v2\/categories?post=931"},{"taxonomy":"post_tag","embeddable":true,"href":"https:\/\/www.ccfbg.net\/index.php\/wp-json\/wp\/v2\/tags?post=931"}],"curies":[{"name":"wp","href":"https:\/\/api.w.org\/{rel}","templated":true}]}}