{"id":454,"date":"2023-01-23T17:08:31","date_gmt":"2023-01-23T17:08:31","guid":{"rendered":"https:\/\/www.ccfbg.net\/?p=454"},"modified":"2023-01-23T17:17:07","modified_gmt":"2023-01-23T17:17:07","slug":"concerto-de-iva-ichi","status":"publish","type":"post","link":"https:\/\/www.ccfbg.net\/index.php\/2023\/01\/23\/concerto-de-iva-ichi\/","title":{"rendered":"<strong>Concerto de Iva &amp; Ichi<\/strong>"},"content":{"rendered":"\n<p>A dupla de m\u00fasicos nacionais de renome internacional, Evaristo da Silva (Iva) e Lu\u00eds Mendes (Ichi) volta ao palco do Centro Cultural Franco-Bissau-Guineense para uma apresenta\u00e7\u00e3o especial no S\u00e1bado, 4 de Fevereiro \u00e0s 21h. Ingressos \u00e0 venda na mediateca do CCFBG no valor de 10.000 XOF! Confira uma sele\u00e7\u00e3o de clipes aqui: <a href=\"https:\/\/www.youtube.com\/watch?v=HcmDEtvpZv8&amp;list=PL-b3jkgRfZ6lIv51mqXtQPpM9m4CAYEGb\" target=\"_blank\" rel=\"noreferrer noopener\">https:\/\/www.youtube.com\/watch?v=HcmDEtvpZv8&amp;list=PL-b3jkgRfZ6lIv51mqXtQPpM9m4CAYEGb<\/a><\/p>\n\n\n\n<p>&#8211;<br><strong>M\u00fasica<br><a>S\u00e1bado, 4 de Fevereiro, 21h<\/a><br>Concerto de Iva &amp; Ichi<\/strong><br>No audit\u00f3rio do CCCFBG\u00a0 &#8211; 10.000 XOF<\/p>\n","protected":false},"excerpt":{"rendered":"<p>A dupla de m\u00fasicos nacionais de renome internacional, Evaristo da Silva (Iva) e Lu\u00eds Mendes (Ichi) volta ao palco do Centro Cultural Franco-Bissau-Guineense para uma apresenta\u00e7\u00e3o especial no S\u00e1bado, 4&hellip;<\/p>\n","protected":false},"author":1,"featured_media":455,"comment_status":"open","ping_status":"open","sticky":false,"template":"","format":"standard","meta":{"footnotes":""},"categories":[15],"tags":[],"class_list":["post-454","post","type-post","status-publish","format-standard","has-post-thumbnail","hentry","category-concertos"],"_links":{"self":[{"href":"https:\/\/www.ccfbg.net\/index.php\/wp-json\/wp\/v2\/posts\/454","targetHints":{"allow":["GET"]}}],"collection":[{"href":"https:\/\/www.ccfbg.net\/index.php\/wp-json\/wp\/v2\/posts"}],"about":[{"href":"https:\/\/www.ccfbg.net\/index.php\/wp-json\/wp\/v2\/types\/post"}],"author":[{"embeddable":true,"href":"https:\/\/www.ccfbg.net\/index.php\/wp-json\/wp\/v2\/users\/1"}],"replies":[{"embeddable":true,"href":"https:\/\/www.ccfbg.net\/index.php\/wp-json\/wp\/v2\/comments?post=454"}],"version-history":[{"count":3,"href":"https:\/\/www.ccfbg.net\/index.php\/wp-json\/wp\/v2\/posts\/454\/revisions"}],"predecessor-version":[{"id":468,"href":"https:\/\/www.ccfbg.net\/index.php\/wp-json\/wp\/v2\/posts\/454\/revisions\/468"}],"wp:featuredmedia":[{"embeddable":true,"href":"https:\/\/www.ccfbg.net\/index.php\/wp-json\/wp\/v2\/media\/455"}],"wp:attachment":[{"href":"https:\/\/www.ccfbg.net\/index.php\/wp-json\/wp\/v2\/media?parent=454"}],"wp:term":[{"taxonomy":"category","embeddable":true,"href":"https:\/\/www.ccfbg.net\/index.php\/wp-json\/wp\/v2\/categories?post=454"},{"taxonomy":"post_tag","embeddable":true,"href":"https:\/\/www.ccfbg.net\/index.php\/wp-json\/wp\/v2\/tags?post=454"}],"curies":[{"name":"wp","href":"https:\/\/api.w.org\/{rel}","templated":true}]}}