{"id":2261,"date":"2025-10-21T16:29:22","date_gmt":"2025-10-21T16:29:22","guid":{"rendered":"https:\/\/www.ccfbg.net\/?p=2261"},"modified":"2025-10-21T16:29:22","modified_gmt":"2025-10-21T16:29:22","slug":"lancamento-do-livro-fala-de-alma-de-rosario-nhaga-23-de-outubro","status":"publish","type":"post","link":"https:\/\/www.ccfbg.net\/index.php\/2025\/10\/21\/lancamento-do-livro-fala-de-alma-de-rosario-nhaga-23-de-outubro\/","title":{"rendered":"LAN\u00c7AMENTO DO LIVRO \u201cFALA DE ALMA\u201d DE ROS\u00c1RIO NHAGA &#8211; 23 de outubro"},"content":{"rendered":"\n<h3 class=\"wp-block-heading\"><strong>LAN\u00c7AMENTO DO LIVRO \u201cFALA DE ALMA\u201d DE ROS\u00c1RIO NHAGA<\/strong><\/h3>\n\n\n\n<p>No pr\u00f3ximo <strong>23 de outubro de 2025<\/strong>, o <strong>Centro Cultural Franco-Bissau-Guineense (CCFBG)<\/strong> acolhe o <strong>lan\u00e7amento oficial do livro <em>\u201cFala de Alma\u201d<\/em><\/strong>, de <strong>Ros\u00e1rio Alberto Nhaga<\/strong>.<\/p>\n\n\n\n<p>A obra prop\u00f5e uma reflex\u00e3o sobre a identidade, a mem\u00f3ria e a experi\u00eancia humana, com um olhar sens\u00edvel sobre a realidade guineense.<\/p>\n\n\n\n<p>O evento, com <strong>entrada livre<\/strong>, come\u00e7a \u00e0s <strong>16h00<\/strong> e inclui momentos de <strong>literatura, m\u00fasica e poesia<\/strong>, com a participa\u00e7\u00e3o de <strong>N\u00e9stor Lendji, Mano-B, Bubex Conquistador<\/strong> e das <strong>Vozes Po\u00e9ticas da Guin\u00e9-Bissau<\/strong>.<\/p>\n\n\n\n<p>O livro estar\u00e1 dispon\u00edvel no local por <strong>10.000 XOF<\/strong>.<\/p>\n\n\n\n<p>\ud83d\udccd <strong>Local:<\/strong> Centro Cultural Franco-Bissau-Guineense<br>\ud83d\udcc5 <strong>Data:<\/strong> 23 de outubro de 2025<br>\ud83d\udd53 <strong>Hora:<\/strong> 16h00<br>\ud83c\udfb6 <strong>Com:<\/strong> N\u00e9stor Lendji, Mano-B, Bubex Conquistador e Vozes Po\u00e9ticas da Guin\u00e9-Bissau<br>\ud83d\udcb8 <strong>Pre\u00e7o do livro:<\/strong> 10.000 XOF<br>\ud83c\udf9f\ufe0f <strong>Entrada livre<\/strong><\/p>\n\n\n\n<p><strong>N\u00f4 Sta Djunto<\/strong> \u2013 promovendo a Guin\u00e9-Bissau positiva e os seus valores.<br><strong>N\u00f4 kultura i N\u00f4 rikeza.<\/strong><\/p>\n\n\n\n<h3 class=\"wp-block-heading\"><strong>LANCEMENT DU LIVRE \u201cFALA DE ALMA\u201d DE ROS\u00c1RIO NHAGA<\/strong><\/h3>\n\n\n\n<p>Le <strong>23 octobre 2025<\/strong>, le <strong>Centre Culturel Franco-Bissau-Guin\u00e9en (CCFBG)<\/strong> accueillera le <strong>lancement du livre <em>\u201cFala de Alma\u201d<\/em><\/strong> de <strong>Ros\u00e1rio Alberto Nhaga<\/strong>.<\/p>\n\n\n\n<p>Ce livre invite \u00e0 une r\u00e9flexion sur l\u2019identit\u00e9, la m\u00e9moire et l\u2019exp\u00e9rience humaine, \u00e0 travers un regard attentif sur la r\u00e9alit\u00e9 de la Guin\u00e9e-Bissau.<\/p>\n\n\n\n<p>L\u2019\u00e9v\u00e9nement, <strong>ouvert \u00e0 tous<\/strong>, d\u00e9butera \u00e0 <strong>16h00<\/strong> et proposera des moments de <strong>litt\u00e9rature, de musique et de po\u00e9sie<\/strong>, avec <strong>N\u00e9stor Lendji, Mano-B, Bubex Conquistador<\/strong> et les <strong>Vozes Po\u00e9ticas da Guin\u00e9-Bissau<\/strong>.<\/p>\n\n\n\n<p>Le livre sera disponible sur place au prix de <strong>10 000 XOF<\/strong>.<\/p>\n\n\n\n<p>\ud83d\udccd <strong>Lieu :<\/strong> Centre Culturel Franco-Bissau-Guin\u00e9en<br>\ud83d\udcc5 <strong>Date :<\/strong> 23 octobre 2025<br>\ud83d\udd53 <strong>Heure :<\/strong> 16h00<br>\ud83c\udfb6 <strong>Avec :<\/strong> N\u00e9stor Lendji, Mano-B, Bubex Conquistador et les Vozes Po\u00e9ticas da Guin\u00e9-Bissau<br>\ud83d\udcb8 <strong>Prix du livre :<\/strong> 10 000 XOF<br>\ud83c\udf9f\ufe0f <strong>Entr\u00e9e libre<\/strong><\/p>\n","protected":false},"excerpt":{"rendered":"<p>LAN\u00c7AMENTO DO LIVRO \u201cFALA DE ALMA\u201d DE ROS\u00c1RIO NHAGA No pr\u00f3ximo 23 de outubro de 2025, o Centro Cultural Franco-Bissau-Guineense (CCFBG) acolhe o lan\u00e7amento oficial do livro \u201cFala de Alma\u201d,&hellip;<\/p>\n","protected":false},"author":1,"featured_media":2259,"comment_status":"closed","ping_status":"","sticky":false,"template":"","format":"standard","meta":{"footnotes":""},"categories":[22],"tags":[],"class_list":["post-2261","post","type-post","status-publish","format-standard","has-post-thumbnail","hentry","category-literatura"],"_links":{"self":[{"href":"https:\/\/www.ccfbg.net\/index.php\/wp-json\/wp\/v2\/posts\/2261","targetHints":{"allow":["GET"]}}],"collection":[{"href":"https:\/\/www.ccfbg.net\/index.php\/wp-json\/wp\/v2\/posts"}],"about":[{"href":"https:\/\/www.ccfbg.net\/index.php\/wp-json\/wp\/v2\/types\/post"}],"author":[{"embeddable":true,"href":"https:\/\/www.ccfbg.net\/index.php\/wp-json\/wp\/v2\/users\/1"}],"replies":[{"embeddable":true,"href":"https:\/\/www.ccfbg.net\/index.php\/wp-json\/wp\/v2\/comments?post=2261"}],"version-history":[{"count":1,"href":"https:\/\/www.ccfbg.net\/index.php\/wp-json\/wp\/v2\/posts\/2261\/revisions"}],"predecessor-version":[{"id":2262,"href":"https:\/\/www.ccfbg.net\/index.php\/wp-json\/wp\/v2\/posts\/2261\/revisions\/2262"}],"wp:featuredmedia":[{"embeddable":true,"href":"https:\/\/www.ccfbg.net\/index.php\/wp-json\/wp\/v2\/media\/2259"}],"wp:attachment":[{"href":"https:\/\/www.ccfbg.net\/index.php\/wp-json\/wp\/v2\/media?parent=2261"}],"wp:term":[{"taxonomy":"category","embeddable":true,"href":"https:\/\/www.ccfbg.net\/index.php\/wp-json\/wp\/v2\/categories?post=2261"},{"taxonomy":"post_tag","embeddable":true,"href":"https:\/\/www.ccfbg.net\/index.php\/wp-json\/wp\/v2\/tags?post=2261"}],"curies":[{"name":"wp","href":"https:\/\/api.w.org\/{rel}","templated":true}]}}