{"id":1710,"date":"2024-12-18T17:39:04","date_gmt":"2024-12-18T17:39:04","guid":{"rendered":"https:\/\/www.ccfbg.net\/?p=1710"},"modified":"2024-12-18T17:39:04","modified_gmt":"2024-12-18T17:39:04","slug":"lancamento-do-2o-album-de-poemas-em-kriol-de-mussa-balde-guine-i-ninki-nanka-fankanta-di-mussa-balde","status":"publish","type":"post","link":"https:\/\/www.ccfbg.net\/index.php\/2024\/12\/18\/lancamento-do-2o-album-de-poemas-em-kriol-de-mussa-balde-guine-i-ninki-nanka-fankanta-di-mussa-balde\/","title":{"rendered":"Lan\u00e7amento do 2\u00ba \u00e1lbum de poemas em kriol de Muss\u00e1 Bald\u00e9  \u201cGuin\u00e9 i ninki nanka, Fankanta di Muss\u00e1 Bald\u00e9\u201d."},"content":{"rendered":"\n<p>O lan\u00e7amento ter\u00e1 lugar no Centro Cultural Franco Bissau-Guineense, que est\u00e1 celebra<\/p>\n\n\n\n<p>Muss\u00e1 Bald\u00e9, jornalista, produtor de conte\u00fados audiovisuais e poeta lan\u00e7a no dia 21 de dezembro de 2024 o seu 2\u00ba \u00e1lbum de poemas em kriol com o t\u00edtulo gen\u00e9rico: <strong><em>\u201cGuin\u00e9 i ninki nanka, Fankanta di Muss\u00e1 Bald\u00e9\u201d.<\/em><\/strong><\/p>\n\n\n\n<p>O lan\u00e7amento ter\u00e1 lugar no Centro Cultural Franco Bissau-Guineense, que est\u00e1 celebrando os 20 anos de reabertura ao p\u00fablico daquela que \u00e9 a mais emblem\u00e1tica sala de espet\u00e1culos na Rep\u00fablica da Guin\u00e9-Bissau.<\/p>\n\n\n\n<p>\u201c<strong><em>Guin\u00e9 i ninki nanka, Fankanta di Muss\u00e1 Bald\u00e9<\/em><\/strong>\u201d \u00e9 o segundo trabalho de Muss\u00e1 Bald\u00e9, ap\u00f3s o \u00e1lbum <strong>\u201cKriol Tem Li\u201d<\/strong> lan\u00e7ado em fevereiro de 2020, em formato \u00e1udio.<\/p>\n\n\n\n<p>Neste novo opus, Muss\u00e1 Bald\u00e9, que \u00e9 o correspondente dos servi\u00e7os em l\u00edngua portuguesa da RFI e jornalista da Lusa &#8211; Agencia de Noticias de Portugal &#8211; &nbsp;navega entre os valores da guineendadi, da import\u00e2ncia da unidade na diversidade entre os povos que comp\u00f5em a Guin\u00e9-Bissau, rende um tributo \u00e0 cidade de Bissau e ainda conclama a beleza da mulher guineense.<\/p>\n\n\n\n<p>Tudo isso \u00e9 dito pelo pr\u00f3prio Muss\u00e1 Bald\u00e9 com recurso a express\u00f5es idiom\u00e1ticas do vern\u00e1culo do kriol guineense, muitas das quais j\u00e1 em completo desuso ou desconhecimento das novas gera\u00e7\u00f5es de guineenses.<\/p>\n\n\n\n<p>O \u00e1lbum \u201c<strong>Guin\u00e9 i ninki nanka, Fankanta di Muss\u00e1 Bald\u00e9\u201d<\/strong> conta com 10 temas originais.<\/p>\n\n\n\n<p>\u00c9 o primeiro \u00e1lbum de poemas em kriol em formato v\u00eddeo alguma vez publicado na Guin\u00e9-Bissau.<\/p>\n\n\n\n<p>Muss\u00e1 Bald\u00e9 \u00e9 autor do c\u00e9lebre poema Clara di Sabura que o pr\u00f3prio adaptou, em 2011, para um filme hom\u00f3nimo bastante popular entre os guineenses.<\/p>\n\n\n\n<p>A produ\u00e7\u00e3o da obra de Muss\u00e1 Bald\u00e9 \u00e9 assegurada pela Katumbi Produ\u00e7\u00f5es Audiovisuais \u2013 dona da Katumbi TV, televis\u00e3o online criada pelo pr\u00f3prio.<\/p>\n\n\n\n<p>Os figurantes nos v\u00eddeos que d\u00e3o corpo aos poemas s\u00e3o atores e atrizes que trabalham na Katumbi TV.<\/p>\n","protected":false},"excerpt":{"rendered":"<p>O lan\u00e7amento ter\u00e1 lugar no Centro Cultural Franco Bissau-Guineense, que est\u00e1 celebra Muss\u00e1 Bald\u00e9, jornalista, produtor de conte\u00fados audiovisuais e poeta lan\u00e7a no dia 21 de dezembro de 2024 o&hellip;<\/p>\n","protected":false},"author":1,"featured_media":1711,"comment_status":"open","ping_status":"open","sticky":false,"template":"","format":"standard","meta":{"footnotes":""},"categories":[1],"tags":[],"class_list":["post-1710","post","type-post","status-publish","format-standard","has-post-thumbnail","hentry","category-uncategorized"],"_links":{"self":[{"href":"https:\/\/www.ccfbg.net\/index.php\/wp-json\/wp\/v2\/posts\/1710","targetHints":{"allow":["GET"]}}],"collection":[{"href":"https:\/\/www.ccfbg.net\/index.php\/wp-json\/wp\/v2\/posts"}],"about":[{"href":"https:\/\/www.ccfbg.net\/index.php\/wp-json\/wp\/v2\/types\/post"}],"author":[{"embeddable":true,"href":"https:\/\/www.ccfbg.net\/index.php\/wp-json\/wp\/v2\/users\/1"}],"replies":[{"embeddable":true,"href":"https:\/\/www.ccfbg.net\/index.php\/wp-json\/wp\/v2\/comments?post=1710"}],"version-history":[{"count":1,"href":"https:\/\/www.ccfbg.net\/index.php\/wp-json\/wp\/v2\/posts\/1710\/revisions"}],"predecessor-version":[{"id":1712,"href":"https:\/\/www.ccfbg.net\/index.php\/wp-json\/wp\/v2\/posts\/1710\/revisions\/1712"}],"wp:featuredmedia":[{"embeddable":true,"href":"https:\/\/www.ccfbg.net\/index.php\/wp-json\/wp\/v2\/media\/1711"}],"wp:attachment":[{"href":"https:\/\/www.ccfbg.net\/index.php\/wp-json\/wp\/v2\/media?parent=1710"}],"wp:term":[{"taxonomy":"category","embeddable":true,"href":"https:\/\/www.ccfbg.net\/index.php\/wp-json\/wp\/v2\/categories?post=1710"},{"taxonomy":"post_tag","embeddable":true,"href":"https:\/\/www.ccfbg.net\/index.php\/wp-json\/wp\/v2\/tags?post=1710"}],"curies":[{"name":"wp","href":"https:\/\/api.w.org\/{rel}","templated":true}]}}