{"id":1510,"date":"2024-08-29T16:10:06","date_gmt":"2024-08-29T16:10:06","guid":{"rendered":"https:\/\/www.ccfbg.net\/?p=1510"},"modified":"2024-08-29T16:14:06","modified_gmt":"2024-08-29T16:14:06","slug":"karyna-gomes-kanta-na-kasa-27-e-28-de-setembro-as-21h00-no-ccfgb-guine-bissau","status":"publish","type":"post","link":"https:\/\/www.ccfbg.net\/index.php\/2024\/08\/29\/karyna-gomes-kanta-na-kasa-27-e-28-de-setembro-as-21h00-no-ccfgb-guine-bissau\/","title":{"rendered":"Karyna\u00a0Gomes \u201cKanta na Kasa\u201d, 27 e 28 de setembro \u00e0s 21h00 no CCFGB, Guin\u00e9 Bissau"},"content":{"rendered":"\n<p>Karyna\u00a0Gomes regressa a casa, \u00e0 sua terra natal Bissau para dar dois grandes concertos no Centro Cultural Franco Bissau Guineense, \u00e9 com enorme alegria que a artista regressa ao seu publico para cantar com ele os seus melhores \u00eaxitos do \u201cMindjer\u201d e N\u2019na.<br><br>\u201ckanta na Kasa\u201d, \u00e9 sinonimo de alegria e entusiasmo de voltar a cantar em casa, Bissau.<br>O alinhamento do concerto ser\u00e1 escolhido a dedo para cantar com o seu publico guineense grandes sucessos do seu primeiro \u00e1lbum\u00a0<strong>Mindjer<\/strong>, segundo \u00e1lbum\u00a0<strong>N\u2019na<\/strong>\u00a0, e apresentar os seus novos singles Apili e Rei di Sabi, entre outros.<br><br>Como era de esperar e com o seu contributo \u00e0 cultura do seu pais,\u00a0Karyna\u00a0fez quest\u00e3o de convidar artistas emergentes de Bissau,\u00a0<strong>As One, Ammy Injay, Fattu Djakit\u00e9, Dieg<\/strong>\u00a0e de Portugal leva consigo para dar a conhecer um dos rappers mais emergentes com quem tem um featuring, o\u00a0<strong>Estraca<\/strong>, onde ir\u00e3o apresentar o novo tema retirado do EP da artista intitulado \u201c<em>Sintidu<\/em>\u201d e que ser\u00e1 lan\u00e7ado brevemente.<br><br>Bissau recebe de cora\u00e7\u00e3o aberto a sua artista\u00a0Karyna\u00a0Gomes, que muito tem feito pela cultura guineense al\u00e9m fronteiras, uma promotora e activista dos direitos do povo da Guin\u00e9, relatados sempre nas suas letras de ambos os \u00e1lbuns e novo EP<\/p>\n\n\n\n<h3 class=\"wp-block-heading\"><\/h3>\n\n\n\n<h3 class=\"wp-block-heading\"><strong>Os Bilhetes para estes dois concertos estar\u00e3o \u00e0 venda no Centro Cultural Franco Bissau Guineense a partir de 16 de Setembro no valor de 7.000XOF<\/strong><\/h3>\n","protected":false},"excerpt":{"rendered":"<p>Karyna\u00a0Gomes regressa a casa, \u00e0 sua terra natal Bissau para dar dois grandes concertos no Centro Cultural Franco Bissau Guineense, \u00e9 com enorme alegria que a artista regressa ao seu&hellip;<\/p>\n","protected":false},"author":1,"featured_media":1503,"comment_status":"open","ping_status":"open","sticky":false,"template":"","format":"standard","meta":{"footnotes":""},"categories":[15],"tags":[],"class_list":["post-1510","post","type-post","status-publish","format-standard","has-post-thumbnail","hentry","category-concertos"],"_links":{"self":[{"href":"https:\/\/www.ccfbg.net\/index.php\/wp-json\/wp\/v2\/posts\/1510","targetHints":{"allow":["GET"]}}],"collection":[{"href":"https:\/\/www.ccfbg.net\/index.php\/wp-json\/wp\/v2\/posts"}],"about":[{"href":"https:\/\/www.ccfbg.net\/index.php\/wp-json\/wp\/v2\/types\/post"}],"author":[{"embeddable":true,"href":"https:\/\/www.ccfbg.net\/index.php\/wp-json\/wp\/v2\/users\/1"}],"replies":[{"embeddable":true,"href":"https:\/\/www.ccfbg.net\/index.php\/wp-json\/wp\/v2\/comments?post=1510"}],"version-history":[{"count":1,"href":"https:\/\/www.ccfbg.net\/index.php\/wp-json\/wp\/v2\/posts\/1510\/revisions"}],"predecessor-version":[{"id":1511,"href":"https:\/\/www.ccfbg.net\/index.php\/wp-json\/wp\/v2\/posts\/1510\/revisions\/1511"}],"wp:featuredmedia":[{"embeddable":true,"href":"https:\/\/www.ccfbg.net\/index.php\/wp-json\/wp\/v2\/media\/1503"}],"wp:attachment":[{"href":"https:\/\/www.ccfbg.net\/index.php\/wp-json\/wp\/v2\/media?parent=1510"}],"wp:term":[{"taxonomy":"category","embeddable":true,"href":"https:\/\/www.ccfbg.net\/index.php\/wp-json\/wp\/v2\/categories?post=1510"},{"taxonomy":"post_tag","embeddable":true,"href":"https:\/\/www.ccfbg.net\/index.php\/wp-json\/wp\/v2\/tags?post=1510"}],"curies":[{"name":"wp","href":"https:\/\/api.w.org\/{rel}","templated":true}]}}