{"id":1134,"date":"2024-01-29T12:07:41","date_gmt":"2024-01-29T12:07:41","guid":{"rendered":"https:\/\/www.ccfbg.net\/?p=1134"},"modified":"2024-02-24T16:41:02","modified_gmt":"2024-02-24T16:41:02","slug":"espetaculo-especial-de-carnaval-com-netos-de-bandim-sexta-feira-9-de-fevereiro-21h-no-centro-cultural-franco-bissau-guineense","status":"publish","type":"post","link":"https:\/\/www.ccfbg.net\/index.php\/2024\/01\/29\/espetaculo-especial-de-carnaval-com-netos-de-bandim-sexta-feira-9-de-fevereiro-21h-no-centro-cultural-franco-bissau-guineense\/","title":{"rendered":"Espet\u00e1culo especial de Carnaval com Netos de Bandim, Sexta-feira, 9 de Fevereiro, 21h no Centro Cultural Franco Bissau Guineense"},"content":{"rendered":"\n<p>Venha divertir-se com seus amigos e familiares! Este espet\u00e1culo, com dan\u00e7as, percuss\u00f5es, acrobacias, vai lhe dar um gostinho do Carnaval, com uma amostra da diversidade cultural da Guin\u00e9 Bissau. <br>&#8211;<br>O Grupo Cultural Netos de Bandim foi fundado em 12\/11\/2000 pela Associa\u00e7\u00e3o dos Amigos da Crian\u00e7a (AMIC) com intuito de facilitar a integra\u00e7\u00e3o sociocultural das crian\u00e7as e jovens do Bairro de Bandim. No in\u00edcio, o objetivo era de oferecer espa\u00e7o de conv\u00edvio e ensinar boas pr\u00e1ticas de cidadania atrav\u00e9s da m\u00fasica, teatro e dan\u00e7a aos mais carenciados nomeadamente crian\u00e7as, jovens adolescentes e mulheres que viviam em situa\u00e7\u00e3o de extrema pobreza no Bairro de Bandim. Ao longo dos seus 21 anos de exist\u00eancia, passou a ajudar as crian\u00e7as \u00f3rf\u00e3s e aquelas que os pais n\u00e3o conseguem apoiar na forma\u00e7\u00e3o b\u00e1sica e profissional, sa\u00fade e na integra\u00e7\u00e3o social. Atrav\u00e9s da dan\u00e7a, m\u00fasica e teatro, o grupo gerou profissionais em diferentes \u00e1reas de atua\u00e7\u00e3o.<\/p>\n\n\n\n<p>&#8211;<br>Sexta-feira, 9 de Fevereiro, 21h no Centro Cultural Franco Bissau Guineense<br>Bilhete : 3000 XOF  antecipado \/ 4000 XOF no dia (a venda no CCFBG)<br>Informa\u00e7\u00f5es : 955148038<\/p>\n","protected":false},"excerpt":{"rendered":"<p>Venha divertir-se com seus amigos e familiares! Este espet\u00e1culo, com dan\u00e7as, percuss\u00f5es, acrobacias, vai lhe dar um gostinho do Carnaval, com uma amostra da diversidade cultural da Guin\u00e9 Bissau. &#8211;O&hellip;<\/p>\n","protected":false},"author":1,"featured_media":1136,"comment_status":"open","ping_status":"open","sticky":false,"template":"","format":"standard","meta":{"footnotes":""},"categories":[11,49,14,10],"tags":[],"class_list":["post-1134","post","type-post","status-publish","format-standard","has-post-thumbnail","hentry","category-cultural","category-danca","category-musica","category-teatro"],"_links":{"self":[{"href":"https:\/\/www.ccfbg.net\/index.php\/wp-json\/wp\/v2\/posts\/1134","targetHints":{"allow":["GET"]}}],"collection":[{"href":"https:\/\/www.ccfbg.net\/index.php\/wp-json\/wp\/v2\/posts"}],"about":[{"href":"https:\/\/www.ccfbg.net\/index.php\/wp-json\/wp\/v2\/types\/post"}],"author":[{"embeddable":true,"href":"https:\/\/www.ccfbg.net\/index.php\/wp-json\/wp\/v2\/users\/1"}],"replies":[{"embeddable":true,"href":"https:\/\/www.ccfbg.net\/index.php\/wp-json\/wp\/v2\/comments?post=1134"}],"version-history":[{"count":3,"href":"https:\/\/www.ccfbg.net\/index.php\/wp-json\/wp\/v2\/posts\/1134\/revisions"}],"predecessor-version":[{"id":1140,"href":"https:\/\/www.ccfbg.net\/index.php\/wp-json\/wp\/v2\/posts\/1134\/revisions\/1140"}],"wp:featuredmedia":[{"embeddable":true,"href":"https:\/\/www.ccfbg.net\/index.php\/wp-json\/wp\/v2\/media\/1136"}],"wp:attachment":[{"href":"https:\/\/www.ccfbg.net\/index.php\/wp-json\/wp\/v2\/media?parent=1134"}],"wp:term":[{"taxonomy":"category","embeddable":true,"href":"https:\/\/www.ccfbg.net\/index.php\/wp-json\/wp\/v2\/categories?post=1134"},{"taxonomy":"post_tag","embeddable":true,"href":"https:\/\/www.ccfbg.net\/index.php\/wp-json\/wp\/v2\/tags?post=1134"}],"curies":[{"name":"wp","href":"https:\/\/api.w.org\/{rel}","templated":true}]}}