{"id":1126,"date":"2024-01-24T21:32:29","date_gmt":"2024-01-24T21:32:29","guid":{"rendered":"https:\/\/www.ccfbg.net\/?p=1126"},"modified":"2024-01-24T21:34:04","modified_gmt":"2024-01-24T21:34:04","slug":"peca-saliu-ku-lamarana-lancamento-das-atividades-artisticas-da-fundacao-jose-carlos-schwarz-sexta-feira-26-de-janeiro-as-20h","status":"publish","type":"post","link":"https:\/\/www.ccfbg.net\/index.php\/2024\/01\/24\/peca-saliu-ku-lamarana-lancamento-das-atividades-artisticas-da-fundacao-jose-carlos-schwarz-sexta-feira-26-de-janeiro-as-20h\/","title":{"rendered":"Pe\u00e7a &#8220;Saliu ku Lamarana&#8221;, lan\u00e7amento das atividades art\u00edsticas da Funda\u00e7\u00e3o Jos\u00e9 Carlos Schwarz, sexta-feira 26 de Janeiro, \u00e0s 20h"},"content":{"rendered":"\n<p>A Funda\u00e7\u00e3o Jos\u00e9 Carlos Schwarz convida ao espet\u00e1culo de lan\u00e7amento de suas atividades art\u00edsticas, na sexta-feira 26 de Janeiro, \u00e0s 20h. Bilhete: 3000 XOF.<\/p>\n\n\n\n<p>Saliu ku Lamarana retrata a hist\u00f3ria de um casal em plena \u00e9poca colonial na Guin\u00e9-Bissau. Submetido ao trabalho for\u00e7ado, bombardeamentos e massacres, toma a decis\u00e3o de fugir para as zonas libertadas.<\/p>\n\n\n\n<p>Este espet\u00e1culo, que reflete a realidade do dia a dia durante aquela \u00e9poca, foi inspirado no poema com o mesmo nome escrito e musicado por Jos\u00e9 Carlos Schwarz. Hoje este poema \u00e9 adaptado \u00e0 cena por seu filho, Remna Schwarz.<\/p>\n","protected":false},"excerpt":{"rendered":"<p>A Funda\u00e7\u00e3o Jos\u00e9 Carlos Schwarz convida ao espet\u00e1culo de lan\u00e7amento de suas atividades art\u00edsticas, na sexta-feira 26 de Janeiro, \u00e0s 20h. Bilhete: 3000 XOF. Saliu ku Lamarana retrata a hist\u00f3ria&hellip;<\/p>\n","protected":false},"author":1,"featured_media":1130,"comment_status":"open","ping_status":"open","sticky":false,"template":"","format":"standard","meta":{"footnotes":""},"categories":[10],"tags":[],"class_list":["post-1126","post","type-post","status-publish","format-standard","has-post-thumbnail","hentry","category-teatro"],"_links":{"self":[{"href":"https:\/\/www.ccfbg.net\/index.php\/wp-json\/wp\/v2\/posts\/1126","targetHints":{"allow":["GET"]}}],"collection":[{"href":"https:\/\/www.ccfbg.net\/index.php\/wp-json\/wp\/v2\/posts"}],"about":[{"href":"https:\/\/www.ccfbg.net\/index.php\/wp-json\/wp\/v2\/types\/post"}],"author":[{"embeddable":true,"href":"https:\/\/www.ccfbg.net\/index.php\/wp-json\/wp\/v2\/users\/1"}],"replies":[{"embeddable":true,"href":"https:\/\/www.ccfbg.net\/index.php\/wp-json\/wp\/v2\/comments?post=1126"}],"version-history":[{"count":1,"href":"https:\/\/www.ccfbg.net\/index.php\/wp-json\/wp\/v2\/posts\/1126\/revisions"}],"predecessor-version":[{"id":1129,"href":"https:\/\/www.ccfbg.net\/index.php\/wp-json\/wp\/v2\/posts\/1126\/revisions\/1129"}],"wp:featuredmedia":[{"embeddable":true,"href":"https:\/\/www.ccfbg.net\/index.php\/wp-json\/wp\/v2\/media\/1130"}],"wp:attachment":[{"href":"https:\/\/www.ccfbg.net\/index.php\/wp-json\/wp\/v2\/media?parent=1126"}],"wp:term":[{"taxonomy":"category","embeddable":true,"href":"https:\/\/www.ccfbg.net\/index.php\/wp-json\/wp\/v2\/categories?post=1126"},{"taxonomy":"post_tag","embeddable":true,"href":"https:\/\/www.ccfbg.net\/index.php\/wp-json\/wp\/v2\/tags?post=1126"}],"curies":[{"name":"wp","href":"https:\/\/api.w.org\/{rel}","templated":true}]}}