{"id":1795,"global_id":"www.ccfbg.net?id=1795","global_id_lineage":["www.ccfbg.net?id=1795"],"author":"1","status":"publish","date":"2025-01-31 17:13:26","date_utc":"2025-01-31 17:13:26","modified":"2025-01-31 17:13:26","modified_utc":"2025-01-31 17:13:26","url":"https:\/\/www.ccfbg.net\/index.php\/eventos\/show-beneficente-aquecimento-para-o-carnaval-sabado-8-de-fevereiro-19h-no-ccfbg\/","rest_url":"https:\/\/www.ccfbg.net\/index.php\/wp-json\/tribe\/events\/v1\/events\/1795","title":"Show Beneficente: Aquecimento para o Carnaval, Sabado 8 de Fevereiro, 19h no CCFBG","description":"O Movimento Mindjer Ika Tambur (MIKAT) e a Associa\u00e7\u00e3o de Filhos e Amigos do Ilh\u00e9u do Rei (AFAIR) t\u00eam o prazer de anunciar a realiza\u00e7\u00e3o do <strong>Show Beneficente: Aquecimento para o Carnaval<\/strong>, que acontecer\u00e1 no <strong>Centro Cultural Franco-Bissau-Guineense, no dia 08 de fevereiro, das 19h00 \u00e0s 00h00<\/strong>. O evento tem como objetivo angariar fundos para a implementa\u00e7\u00e3o do projeto <strong>\u201cAlfabetiza\u00e7\u00e3o das Jovens Raparigas e Mulheres do Ilh\u00e9u do Rei\u201d<\/strong>, bem como a reabilita\u00e7\u00e3o de um espa\u00e7o para servir como Centro Multifuncional de Lazer e Refor\u00e7o Educativo na comunidade.\r\n\r\n \r\n\r\nO Ilh\u00e9u do Rei, situado a meio milha n\u00e1utica de Bissau, abriga cerca de 447 habitantes e enfrenta desafios significativos devido \u00e0 falta de pol\u00edticas p\u00fablicas que garantam acesso adequado \u00e0 sa\u00fade, transporte e educa\u00e7\u00e3o. Para responder a essa realidade, o MIKAT obteve um financiamento inicial do Instituto Internacional de L\u00edngua Portuguesa, por\u00e9m, os recursos ainda s\u00e3o insuficientes para garantir todas as melhorias necess\u00e1rias.\r\n\r\n \r\n\r\n<strong>Uma Noite de Cultura e Solidariedade<\/strong>\r\n\r\n \r\n\r\nO evento contar\u00e1 com diversas atra\u00e7\u00f5es que celebram a cultura guineense, incluindo:\r\n\r\n \r\n\r\n\ud83c\udfb6 <strong>Apresenta\u00e7\u00f5es Musicais<\/strong> \u2013 M\u00fasicos renomados e emergentes que participaram do projeto <strong>Suta Mindjer Kaba Dja<\/strong> compartilhar\u00e3o suas composi\u00e7\u00f5es que promovem a igualdade de g\u00eanero e combatem a viol\u00eancia.\r\n\r\n \r\n\r\n\ud83c\udfad <strong>Teatro e Dan\u00e7a<\/strong> \u2013 O grupo cultural <strong>Netos de Bandim<\/strong> apresentar\u00e1 performances inspiradas no esp\u00edrito do Carnaval e na valoriza\u00e7\u00e3o da identidade guineense.\r\n\r\n \r\n\r\n\ud83c\udfa4 <strong>Stand-up Comedy<\/strong> \u2013 O humorista <strong>Braking<\/strong> e Marcelino &#8220;O Indiano&#8221; trar\u00e3o momentos de descontra\u00e7\u00e3o e reflex\u00e3o.\r\n\r\n \r\n\r\n\ud83d\udc57 <strong>Desfile de Moda<\/strong> \u2013 A estilista Aurora Almeida, da <strong>Aurora Fashion<\/strong>, apresentar\u00e1 cria\u00e7\u00f5es que exaltam o empoderamento feminino.\r\n\r\n \r\n\r\nAl\u00e9m disso, o evento marcar\u00e1 o <strong>relan\u00e7amento do grupo cultural Bessemar do Ilh\u00e9u do Rei<\/strong>, um patrim\u00f4nio imaterial da comunidade que promove a m\u00fasica tradicional Tina.\r\n\r\n \r\n\r\n<strong>Junte-se a N\u00f3s!<\/strong>\r\n\r\n \r\n\r\nConvidamos o p\u00fablico a participar deste grande evento de solidariedade e cultura. Os recursos arrecadados ser\u00e3o investidos na constru\u00e7\u00e3o de uma casa de banho, na aquisi\u00e7\u00e3o de equipamentos e na melhoria do espa\u00e7o educativo da comunidade do Ilh\u00e9u do Rei.\r\n\r\n \r\n\r\n\ud83c\udf9f <strong>Valor do bilhete:<\/strong> 2000 XOF \u2013 \u00e0 venda no CCFBG (Centro Cultural Franco-Bissau-Guineense).\r\n\r\n \r\n\r\n<strong>Telefone para informa\u00e7\u00f5es:<\/strong> 955764203\r\n\r\n \r\n\r\n<strong>Participe e ajude a transformar vidas atrav\u00e9s da educa\u00e7\u00e3o e da cultura!<\/strong>","excerpt":"","slug":"show-beneficente-aquecimento-para-o-carnaval-sabado-8-de-fevereiro-19h-no-ccfbg","image":{"url":"https:\/\/www.ccfbg.net\/wp-content\/uploads\/2025\/01\/show-beneficente-8-de-fev.jpg","id":1793,"extension":"jpg","width":1280,"height":720,"filesize":138991,"sizes":{"medium":{"width":300,"height":169,"mime-type":"image\/jpeg","filesize":14283,"url":"https:\/\/www.ccfbg.net\/wp-content\/uploads\/2025\/01\/show-beneficente-8-de-fev-300x169.jpg"},"large":{"width":1024,"height":576,"mime-type":"image\/jpeg","filesize":106356,"url":"https:\/\/www.ccfbg.net\/wp-content\/uploads\/2025\/01\/show-beneficente-8-de-fev-1024x576.jpg"},"thumbnail":{"width":150,"height":150,"mime-type":"image\/jpeg","filesize":7032,"url":"https:\/\/www.ccfbg.net\/wp-content\/uploads\/2025\/01\/show-beneficente-8-de-fev-150x150.jpg"},"medium_large":{"width":768,"height":432,"mime-type":"image\/jpeg","filesize":67678,"url":"https:\/\/www.ccfbg.net\/wp-content\/uploads\/2025\/01\/show-beneficente-8-de-fev-768x432.jpg"},"thumb-academia-slideshow":{"width":960,"height":400,"mime-type":"image\/jpeg","filesize":79094,"url":"https:\/\/www.ccfbg.net\/wp-content\/uploads\/2025\/01\/show-beneficente-8-de-fev-960x400.jpg"},"thumb-featured-page":{"width":420,"height":300,"mime-type":"image\/jpeg","filesize":30159,"url":"https:\/\/www.ccfbg.net\/wp-content\/uploads\/2025\/01\/show-beneficente-8-de-fev-420x300.jpg"},"post-thumbnail":{"width":150,"height":100,"mime-type":"image\/jpeg","filesize":5257,"url":"https:\/\/www.ccfbg.net\/wp-content\/uploads\/2025\/01\/show-beneficente-8-de-fev-150x100.jpg"}}},"all_day":false,"start_date":"2025-02-08 19:00:00","start_date_details":{"year":"2025","month":"02","day":"08","hour":"19","minutes":"00","seconds":"00"},"end_date":"2025-02-08 23:30:00","end_date_details":{"year":"2025","month":"02","day":"08","hour":"23","minutes":"30","seconds":"00"},"utc_start_date":"2025-02-08 19:00:00","utc_start_date_details":{"year":"2025","month":"02","day":"08","hour":"19","minutes":"00","seconds":"00"},"utc_end_date":"2025-02-08 23:30:00","utc_end_date_details":{"year":"2025","month":"02","day":"08","hour":"23","minutes":"30","seconds":"00"},"timezone":"UTC+0","timezone_abbr":"UTC+0","cost":"XOF2000","cost_details":{"currency_symbol":"XOF","currency_code":"","currency_position":"prefix","values":["2000"]},"website":"","show_map":true,"show_map_link":true,"hide_from_listings":false,"sticky":false,"featured":false,"categories":[{"name":"beneficente","slug":"beneficente","term_group":0,"term_taxonomy_id":69,"taxonomy":"tribe_events_cat","description":"","parent":0,"count":3,"filter":"raw","id":69,"urls":{"self":"https:\/\/www.ccfbg.net\/index.php\/wp-json\/tribe\/events\/v1\/categories\/69","collection":"https:\/\/www.ccfbg.net\/index.php\/wp-json\/tribe\/events\/v1\/categories"}},{"name":"CONCERTO","slug":"concerto","term_group":0,"term_taxonomy_id":40,"taxonomy":"tribe_events_cat","description":"","parent":0,"count":54,"filter":"raw","id":40,"urls":{"self":"https:\/\/www.ccfbg.net\/index.php\/wp-json\/tribe\/events\/v1\/categories\/40","collection":"https:\/\/www.ccfbg.net\/index.php\/wp-json\/tribe\/events\/v1\/categories"}},{"name":"crian\u00e7as e jovens","slug":"criancas-e-jovens","term_group":0,"term_taxonomy_id":34,"taxonomy":"tribe_events_cat","description":"","parent":0,"count":12,"filter":"raw","id":34,"urls":{"self":"https:\/\/www.ccfbg.net\/index.php\/wp-json\/tribe\/events\/v1\/categories\/34","collection":"https:\/\/www.ccfbg.net\/index.php\/wp-json\/tribe\/events\/v1\/categories"}}],"tags":[],"venue":{"id":222,"author":"1","status":"publish","date":"2022-10-05 11:11:57","date_utc":"2022-10-05 11:11:57","modified":"2022-10-05 11:11:57","modified_utc":"2022-10-05 11:11:57","url":"https:\/\/www.ccfbg.net\/index.php\/local\/centro-cultural-franco-bissau-guineense\/","venue":"Centro Cultural Franco-Bissau-Guineense","slug":"centro-cultural-franco-bissau-guineense","address":"Pra\u00e7a Che Guevara","city":"Bissau","country":"Guin\u00e9-Bissau","zip":"129","phone":"955250164","website":"www.ccfbg.net","json_ld":{"@type":"Place","name":"Centro Cultural Franco-Bissau-Guineense","description":"","url":"","address":{"@type":"PostalAddress","streetAddress":"Pra\u00e7a Che Guevara","addressLocality":"Bissau","postalCode":"129","addressCountry":"Guin\u00e9-Bissau"},"telephone":"955250164","sameAs":"www.ccfbg.net"},"show_map":true,"show_map_link":true,"global_id":"www.ccfbg.net?id=222","global_id_lineage":["www.ccfbg.net?id=222"]},"organizer":[{"id":223,"author":"1","status":"publish","date":"2022-10-05 11:11:57","date_utc":"2022-10-05 11:11:57","modified":"2022-10-05 11:11:57","modified_utc":"2022-10-05 11:11:57","url":"https:\/\/www.ccfbg.net\/index.php\/organizador\/ccfbg\/","organizer":"CCFBG","slug":"ccfbg","phone":"955250164","website":"www.ccfbg.net","json_ld":{"@type":"Person","name":"CCFBG","description":"","url":"http:\/\/www.ccfbg.net","telephone":"955250164","email":"","sameAs":"http:\/\/www.ccfbg.net"},"global_id":"www.ccfbg.net?id=223","global_id_lineage":["www.ccfbg.net?id=223"]}],"json_ld":{"@context":"http:\/\/schema.org","@type":"Event","name":"Show Beneficente: Aquecimento para o Carnaval, Sabado 8 de Fevereiro, 19h no CCFBG","description":"&lt;p&gt;O Movimento Mindjer Ika Tambur (MIKAT) e a Associa\u00e7\u00e3o de Filhos e Amigos do Ilh\u00e9u do Rei (AFAIR) t\u00eam o prazer de anunciar a realiza\u00e7\u00e3o do Show Beneficente: Aquecimento para [&hellip;]&lt;\/p&gt;\\n","image":"https:\/\/www.ccfbg.net\/wp-content\/uploads\/2025\/01\/show-beneficente-8-de-fev.jpg","url":"https:\/\/www.ccfbg.net\/index.php\/eventos\/show-beneficente-aquecimento-para-o-carnaval-sabado-8-de-fevereiro-19h-no-ccfbg\/","eventAttendanceMode":"https:\/\/schema.org\/OfflineEventAttendanceMode","eventStatus":"https:\/\/schema.org\/EventScheduled","startDate":"2025-02-08T19:00:00+00:00","endDate":"2025-02-08T23:30:00+00:00","location":{"@type":"Place","name":"Centro Cultural Franco-Bissau-Guineense","description":"","url":"","address":{"@type":"PostalAddress","streetAddress":"Pra\u00e7a Che Guevara","addressLocality":"Bissau","postalCode":"129","addressCountry":"Guin\u00e9-Bissau"},"telephone":"955250164","sameAs":"www.ccfbg.net"},"organizer":{"@type":"Person","name":"CCFBG","description":"","url":"http:\/\/www.ccfbg.net","telephone":"955250164","email":"","sameAs":"http:\/\/www.ccfbg.net"},"offers":{"@type":"Offer","price":"2000","priceCurrency":"XOF","url":"https:\/\/www.ccfbg.net\/index.php\/eventos\/show-beneficente-aquecimento-para-o-carnaval-sabado-8-de-fevereiro-19h-no-ccfbg\/","category":"primary","availability":"inStock","validFrom":"1970-01-01T00:00:00+00:00"},"performer":"Organization"}}